{"id":7750,"date":"2026-01-26T15:56:51","date_gmt":"2026-01-26T14:56:51","guid":{"rendered":"https:\/\/graphiclickdesign.hu\/?p=7750"},"modified":"2026-02-09T11:59:19","modified_gmt":"2026-02-09T10:59:19","slug":"miert-nem-mukodik-a-branded-ha-te-magad-sem-hiszel-benne","status":"publish","type":"post","link":"https:\/\/graphiclickdesign.hu\/en\/miert-nem-mukodik-a-branded-ha-te-magad-sem-hiszel-benne\/","title":{"rendered":"Why doesn\u2019t your brand work if you don\u2019t believe in it yourself?"},"content":{"rendered":"<p class=\"wp-block-paragraph\">So let\u2019s break it down.\n\nYou have a logo, a color palette, a complete visual identity. Maybe even a website. You post, you try, you show up \u2014 and yet somehow it all feels empty. Clients aren\u2019t coming. Or they are, but not the ones you truly want to work with. And you don\u2019t understand why. Because on paper, everything should be there. You\u2019ve done everything \u201cright\u201d. And still, the story just doesn\u2019t come together. <\/p>\n\n\n\n<p class=\"wp-block-paragraph\">And of course, that little voice on your shoulder doesn\u2019t stay quiet either. It starts whispering: \u201cMaybe I\u2019m just not good enough for this.\u201d\nSpoiler alert: you are good enough. More than enough. The truth is, you simply don\u2019t believe in yourself \u2014 and your brand \u2014 deeply enough yet. This is where many entrepreneurs get stuck. Not at strategy. Not at design. But right here: trying to present a strong, professional brand to the outside world while internally still being full of doubts. <\/p>\n\n\n\n<ul class=\"wp-block-list\">\n<li>Uncertainty around pricing. <\/li>\n\n\n\n<li>Uncertainty about whether what you do is truly valuable. <\/li>\n\n\n\n<li>Uncertainty about whether you dare to fully show up as yourself.<\/li>\n\n\n\n<li>Uncertainty about whether you really belong in your industry.<\/li>\n<\/ul>\n\n\n\n<p class=\"wp-block-paragraph\">And unfortunately, your brand reflects this \u2014 whether you want it to or not. Clients can feel it. You communicate more cautiously, often explaining yourself too much (pricing, timelines, justification). Your presence becomes more restrained than what you\u2019re actually capable of offering. <\/p>\n\n\n\n<blockquote class=\"wp-block-quote is-layout-flow wp-block-quote-is-layout-flow\">\n<p class=\"wp-block-paragraph\">You\u2019re not alone. And there is nothing wrong with you.<\/p>\n<\/blockquote>\n\n\n\n<p class=\"wp-block-paragraph\">This isn\u2019t laziness. It\u2019s not incompetence. And it\u2019s definitely not failure. It simply means that your inner state and your outer brand haven\u2019t met in the middle yet. <strong>Your brand cannot be more stable than you feel within it.<\/strong> And that\u2019s completely okay. This is not an end state. It\u2019s a chapter.<br>Like the first episode of a series: there\u2019s a good idea, you dive in, obstacles appear, and sometimes it feels like everything is falling apart.<br>But it\u2019s exactly this journey that makes the outcome authentic when it finally comes together.<\/p>\n\n\n\n<p class=\"wp-block-paragraph\"><strong>A brand is far more sensitive than we think.<\/strong> It doesn\u2019t only show what we want it to show \u2014 it also reveals where we are right now. <\/p>\n\n\n\n<p class=\"wp-block-paragraph\">If you\u2019re still searching for your voice, your brand will search too.<br>If you\u2019re still doubting yourself, your communication will feel cautious.<br>If you don\u2019t fully believe in yourself yet, your brand can\u2019t truly be confident either.<\/p>\n\n\n\n<p class=\"wp-block-paragraph\">But this isn\u2019t a flaw. <strong>It doesn\u2019t mean you\u2019re doing it wrong.<\/strong> It means you\u2019re <strong>on the way.<\/strong>.<\/p>\n\n\n\n<h2 class=\"wp-block-heading\">Where does the real solution begin?<\/h2>\n\n\n\n<p class=\"wp-block-paragraph\">It begins when you dare to pause for a moment and stop looking at your brand <strong>and instead look at yourself within it<\/strong>When you stop asking \u201cWhat should I show?\u201d <strong>and start asking \u201cWho am I in all of this, really?\u201d<\/strong> <\/p>\n\n\n\n<p class=\"wp-block-paragraph\"><strong>Ask yourself:<\/strong><\/p>\n\n\n\n<ul class=\"wp-block-list\">\n<li>What am I genuinely good at, and what am I most proud of?<\/li>\n\n\n\n<li>Who is my ideal client?<\/li>\n\n\n\n<li>How would I talk about my work if I didn\u2019t have to prove anything \u2014 just tell the story?<\/li>\n<\/ul>\n\n\n\n<p class=\"wp-block-paragraph\">Don\u2019t just run through these questions in your head. Sit with them. Grab a notebook or a piece of paper and <strong>write your answers down<\/strong>They might feel messy or uncertain at first. You might even surprise yourself with what comes out. That\u2019s the point.<\/p>\n\n\n\n<p class=\"wp-block-paragraph\">I <strong>deeply believe<\/strong>in the power of the written word. <\/p>\n\n\n\n<p class=\"wp-block-paragraph\">And this is exactly why, when someone comes to me for a new brand identity or a brand refresh, <strong>this part can never be left out.<\/strong><\/p>\n\n\n\n<p class=\"wp-block-paragraph\">During our consultations, we don\u2019t just talk about colors and logos. <strong>We talk about you.<\/strong> Your business. Where you are in it right now, what you\u2019re strong at, where you feel uncertain, and who you truly want to work with. Because yes, you can design a beautiful brand without all of this \u2014 but it might not reflect you.\n\nI believe that a brand is not a role you play, but an imprint. And to create that, you first need to truly see the person behind it. <\/p>\n\n\n\n<blockquote class=\"wp-block-quote is-layout-flow wp-block-quote-is-layout-flow\">\n<p class=\"wp-block-paragraph\">When you\u2019re aligned, your brand can finally breathe<\/p>\n<\/blockquote>\n\n\n\n<p class=\"wp-block-paragraph\">When you feel settled in your own business, it shows in your brand too. Everything seems to exhale. You don\u2019t need to overdo it, prove yourself, or appear stronger or more professional than where you actually are. Your brand simply aligns with the person behind it <strong>you.<\/strong><\/p>\n\n\n\n<p class=\"wp-block-paragraph\">Communication becomes easier. You stop overthinking every post. You no longer feel like every sentence has to justify your existence. Decisions become clearer because you\u2019re no longer acting from <em>\u201cwhat should I do\u201d<\/em>but from what genuinely feels right. And somehow, the right people start finding you.<\/p>\n\n\n\n<p class=\"wp-block-paragraph\">Not because you suddenly became better than before \u2014 but because you stopped trying to be someone else. You\u2019re no longer playing the role of an imagined <em>\u201cideal entrepreneur\u201d.<\/em> You\u2019re representing yourself, <strong>humanly and professionally.<\/strong><\/p>\n\n\n\n<p class=\"wp-block-paragraph\">If you\u2019re still uncertain, if you sometimes doubt yourself, or if your brand doesn\u2019t fully feel like you yet, know this: you\u2019re not late, and you haven\u2019t messed anything up. You\u2019re not behind. You\u2019re simply in the process \u2014 in the part we talk about less because it\u2019s not flashy, but it\u2019s the most important one.<\/p>\n\n\n\n<p class=\"wp-block-paragraph\">Your brand is not a mask you have to wear to fit in. It\u2019s a mirror that will gradually show who you are within your business. This doesn\u2019t happen overnight. There\u2019s no deadline, no right-or-wrong moment. <strong> There is growth, experience, and becoming \u2014 at your own pace.<\/strong> \ud83d\udda4<\/p>\n\n\n\n<p class=\"wp-block-paragraph\"><em>This piece took shape after a deeply inspiring conversation. Last week, I sat down for coffee with Vivi T\u00f3th, Managing Director of <a href=\"https:\/\/lunelleclinic.hu\/\">Lunelle Clinic<\/a> As we talked about branding, uncertainty, journeys, and growth, many of these thoughts began to form. Much of what you\u2019ve read grew out of that conversation.<\/em>.<\/p>","protected":false},"excerpt":{"rendered":"<p>Na h\u00e1t akkor, vegy\u00fck sorra. Megvan a log\u00f3d. Sz\u00ednpaletta. Teljes arculat kialak\u00edtva. Ak\u00e1r m\u00e9g weboldal is. Posztolsz. Pr\u00f3b\u00e1lkozol. Jelen vagy. M\u00e9gis valahogy \u00fcres az eg\u00e9sz. Nem j\u00f6nnek az \u00fcgyfelek. Vagy&#8230;<\/p>","protected":false},"author":1,"featured_media":7751,"comment_status":"open","ping_status":"open","sticky":false,"template":"","format":"standard","meta":{"footnotes":""},"categories":[16,17],"tags":[],"location":[],"class_list":["post-7750","post","type-post","status-publish","format-standard","has-post-thumbnail","hentry","category-harmonia-es-egyensuly","category-marka-es-megjelenes"],"_links":{"self":[{"href":"https:\/\/graphiclickdesign.hu\/en\/wp-json\/wp\/v2\/posts\/7750","targetHints":{"allow":["GET"]}}],"collection":[{"href":"https:\/\/graphiclickdesign.hu\/en\/wp-json\/wp\/v2\/posts"}],"about":[{"href":"https:\/\/graphiclickdesign.hu\/en\/wp-json\/wp\/v2\/types\/post"}],"author":[{"embeddable":true,"href":"https:\/\/graphiclickdesign.hu\/en\/wp-json\/wp\/v2\/users\/1"}],"replies":[{"embeddable":true,"href":"https:\/\/graphiclickdesign.hu\/en\/wp-json\/wp\/v2\/comments?post=7750"}],"version-history":[{"count":3,"href":"https:\/\/graphiclickdesign.hu\/en\/wp-json\/wp\/v2\/posts\/7750\/revisions"}],"predecessor-version":[{"id":7763,"href":"https:\/\/graphiclickdesign.hu\/en\/wp-json\/wp\/v2\/posts\/7750\/revisions\/7763"}],"wp:featuredmedia":[{"embeddable":true,"href":"https:\/\/graphiclickdesign.hu\/en\/wp-json\/wp\/v2\/media\/7751"}],"wp:attachment":[{"href":"https:\/\/graphiclickdesign.hu\/en\/wp-json\/wp\/v2\/media?parent=7750"}],"wp:term":[{"taxonomy":"category","embeddable":true,"href":"https:\/\/graphiclickdesign.hu\/en\/wp-json\/wp\/v2\/categories?post=7750"},{"taxonomy":"post_tag","embeddable":true,"href":"https:\/\/graphiclickdesign.hu\/en\/wp-json\/wp\/v2\/tags?post=7750"},{"taxonomy":"location","embeddable":true,"href":"https:\/\/graphiclickdesign.hu\/en\/wp-json\/wp\/v2\/location?post=7750"}],"curies":[{"name":"wp","href":"https:\/\/api.w.org\/{rel}","templated":true}]}}